{"id":837,"date":"2022-09-29T10:48:40","date_gmt":"2022-09-29T10:48:40","guid":{"rendered":"http:\/\/ticialbum.com\/blog\/?p=837"},"modified":"2022-09-30T07:21:09","modified_gmt":"2022-09-30T07:21:09","slug":"fotografi-famosi","status":"publish","type":"post","link":"https:\/\/www.ticialbum.com\/blog\/fotografi-famosi\/","title":{"rendered":"8 Fotografi Famosi che hanno lasciato un segno nella storia"},"content":{"rendered":"<p><span style=\"font-weight: 400;\">La fotografia \u00e8 l\u2019arte che ferma per sempre un momento nel tempo. I fotografi sono in grado di catturare la bellezza del mondo intorno a noi e trasmetterla agli altri attraverso le loro immagini ma, pur essendo <\/span><span style=\"font-weight: 400;\">ognuno un artista di per s\u00e9, solo alcuni di loro hanno lasciato un segno indelebile nella <\/span><b>storia della fotografia<\/b><span style=\"font-weight: 400;\">.<\/span><span style=\"font-weight: 400;\">&nbsp;<\/span><\/p>\n<p><span style=\"font-weight: 400;\">Questi si sono distinti per il proprio stile unico e la propria visione di ci\u00f2 che li circonda. In questo articolo elencheremo alcuni dei <\/span><b>fotografi pi\u00f9 famosi al mondo<\/b><span style=\"font-weight: 400;\"> e parleremo brevemente della loro carriera, mostrandoti anche dei loro scatti pi\u00f9 famosi che, probabilmente, gi\u00e0 conoscerai!&nbsp;<\/span><\/p>\n<p><span style=\"font-weight: 400;\">Vediamo insieme chi sono i <\/span><b>fotografi pi\u00f9 celebri<\/b><span style=\"font-weight: 400;\"> che hanno conquistato un posto in quest\u2019articolo! \ud83c\udfc6&nbsp;<\/span><\/p>\n<p><strong>INDICE GUIDA:<\/strong><\/p>\n<p><strong>\ud83d\udcf8 Fotografi Famosi Stranieri:<\/strong><\/p>\n<ul>\n<li><span style=\"text-decoration: underline;\"><a href=\"#cap1\">Ansel Adams<\/a><\/span><\/li>\n<li><span style=\"text-decoration: underline;\"><a href=\"#cap2\">Henri Cartier-Bresson<\/a><\/span><\/li>\n<li><span style=\"text-decoration: underline;\"><a href=\"#cap3\">Steve McCurry<\/a><\/span><\/li>\n<li><span style=\"text-decoration: underline;\"><a href=\"#cap4\">Annie Leibovitz<\/a><\/span><\/li>\n<li><span style=\"text-decoration: underline;\"><a href=\"#cap5\">Sebasti\u00e3o Salgado<\/a><\/span><\/li>\n<\/ul>\n<p><strong>\ud83d\udcf8 Fotografi Famosi Italiani:<\/strong><\/p>\n<ul>\n<li><span style=\"text-decoration: underline;\"><a href=\"#cap6\">Oliviero Toscani<\/a><\/span><\/li>\n<li><span style=\"text-decoration: underline;\"><a href=\"#cap7\">Franco Fontana<\/a><\/span><\/li>\n<li><span style=\"text-decoration: underline;\"><a href=\"#cap8\">Letizia Battaglia<\/a><\/span><\/li>\n<\/ul>\n<h2><span style=\"font-weight: 400;\">Fotografi Famosi Stranieri<\/span><\/h2>\n<p><span style=\"font-weight: 400;\">\u00c8 quasi del tutto impossibile stabilire chi sia il fotografo pi\u00f9 famoso al mondo, ma senza dubbio ci sono dei nomi che possiamo considerare pi\u00f9 rinomati di altri.&nbsp;<\/span><\/p>\n<p><span style=\"font-weight: 400;\">I fotografi professionisti che troverai nelle prossime righe sono stati capaci di catturare qualcosa di unico e speciale ed \u00e8 per questo che sono <\/span><b>ricordati ancora oggi<\/b><span style=\"font-weight: 400;\">. Continua a leggere per scoprire quali sono i fotografi pi\u00f9 famosi al mondo! \ud83d\udcf8<\/span><\/p>\n<h3><span style=\"font-weight: 400;\"><a name=\"cap1\"><\/a>1. Ansel Adams<\/span><\/h3>\n<table>\n<tbody>\n<tr>\n<td><b>Data di nascita<\/b><\/td>\n<td><span style=\"font-weight: 400;\">1902<\/span><\/td>\n<\/tr>\n<tr>\n<td><b>Luogo di nascita<\/b><\/td>\n<td><span style=\"font-weight: 400;\">San Francisco, California USA<\/span><\/td>\n<\/tr>\n<tr>\n<td><b>Nazionalit\u00e0<\/b><\/td>\n<td><span style=\"font-weight: 400;\">Statunitense<\/span><\/td>\n<\/tr>\n<tr>\n<td><b>Data di morte<\/b><\/td>\n<td><span style=\"font-weight: 400;\">1984 (all&#8217;et\u00e0 di 82 anni)<\/span><\/td>\n<\/tr>\n<\/tbody>\n<\/table>\n<h4><\/h4>\n<h4><span style=\"color: #8da598;\">Biografia<\/span><\/h4>\n<p><b>Ansel Adams<\/b><span style=\"font-weight: 400;\"> \u00e8, senza dubbio, tra i fotografi pi\u00f9 conosciuti al mondo. La sua carriera \u00e8 iniziata nel 1916 quando ha scattato la sua prima fotografia durante un viaggio in famiglia al Parco Nazionale di Yosemite. Da allora, ha continuato a documentare il paesaggio americano, catturando immagini mozzafiato dei parchi nazionali e della natura selvaggia. Nel 1938 ha pubblicato il suo primo libro di fotografia, <\/span><i><span style=\"font-weight: 400;\">&#8220;<\/span><\/i><span style=\"text-decoration: underline;\"><a href=\"https:\/\/www.amazon.it\/Sierra-Nevada-John-Muir-Trail\/dp\/082125717X\" target=\"_blank\" rel=\"noopener\"><i><span style=\"font-weight: 400;\">Sierra Nevada: The John Muir Trail<\/span><\/i><\/a><\/span><i><span style=\"font-weight: 400;\">&#8220;<\/span><\/i><span style=\"font-weight: 400;\">, divenuto un grande successo. Successivamente ha continuato a pubblicare libri di fotografie e ad esporre le sue opere in tutto il mondo. \u00c8 divenuto famoso per il suo stile unico di <\/span><b>fotografia paesaggistica<\/b><span style=\"font-weight: 400;\">, capace di catturare la bellezza della natura in modo straordinario.<\/span><\/p>\n<p><span style=\"font-weight: 400;\">Adams \u00e8 stato anche un importante<\/span><b> attivista ambientale<\/b><span style=\"font-weight: 400;\">, impegnato nella difesa dei parchi nazionali e della natura selvaggia, difatti si \u00e8 iscritto al Sierra Club Foundation e ha lavorato per la protezione del Parco Nazionale di Yellowstone.<\/span><\/p>\n<p><span style=\"font-weight: 400;\">La sua fotografia pi\u00f9 famosa \u00e8 &#8220;<\/span><i><span style=\"font-weight: 400;\">The Tetons and Snake River, Grand Teton National Park, Wyoming<\/span><\/i><span style=\"font-weight: 400;\">, The Lane Collection&#8221;, scattata nel 1942. L&#8217;immagine ritrae il paesaggio che circonda la montagna Grand Tetons e il fiume Snake River che spicca tra la vegetazione. \u00c8 una delle sue fotografie pi\u00f9 iconiche e ha ispirato generazioni di fotografi e che, guardacaso, \u00e8 stata venduta all&#8217;asta per quasi <\/span><b>1 milione di dollari<\/b><span style=\"font-weight: 400;\">!<\/span><\/p>\n<p><span style=\"font-weight: 400;\">Una delle sue frasi famose (che probabilmente avrai gi\u00e0 sentito) \u00e8: <\/span><i><span style=\"font-weight: 400;\">&#8220;Ho sempre pensato che la fotografia sia come una barzelletta: se la devi spiegare non \u00e8 venuta bene.&#8221;<\/span><\/i><\/p>\n<h4><span style=\"color: #8da598;\">Scatti Migliori<\/span><\/h4>\n<p>ngg_shortcode_0_placeholder* clicca sull&#8217;immagine per ingrandirla<\/p>\n<h4><span style=\"color: #8da598;\">Video<\/span><\/h4>\n<p><span style=\"font-weight: 400;\">Qui di seguito ti proponiamo un video che illustra la sua carriera fotografica:<\/span><\/p>\n<p><iframe title=\"Storie di grandi fotografi #2 - Ansel Adams\" width=\"800\" height=\"450\" src=\"https:\/\/www.youtube.com\/embed\/EfPzQyp4RNA?feature=oembed\" frameborder=\"0\" allow=\"accelerometer; autoplay; clipboard-write; encrypted-media; gyroscope; picture-in-picture; web-share\" referrerpolicy=\"strict-origin-when-cross-origin\" allowfullscreen><\/iframe><\/p>\n<h3><span style=\"font-weight: 400;\"><br \/>\n<a name=\"cap2\"><\/a>2. Henri Cartier-Bresson<\/span><\/h3>\n<table>\n<tbody>\n<tr>\n<td><b>Data di nascita<\/b><\/td>\n<td><span style=\"font-weight: 400;\">1908<\/span><\/td>\n<\/tr>\n<tr>\n<td><b>Luogo di nascita<\/b><\/td>\n<td><span style=\"font-weight: 400;\">Chanteloup-en-Brie<\/span><\/td>\n<\/tr>\n<tr>\n<td><b>Nazionalit\u00e0&nbsp;<\/b><\/td>\n<td><span style=\"font-weight: 400;\">Francese<\/span><\/td>\n<\/tr>\n<tr>\n<td><b>Data di morte<\/b><\/td>\n<td><span style=\"font-weight: 400;\">2004 (all\u2019et\u00e0 di 95 anni)<\/span><\/td>\n<\/tr>\n<\/tbody>\n<\/table>\n<h4><\/h4>\n<h4><span style=\"color: #8da598;\">Biografia<\/span><\/h4>\n<p><b>Henri Cartier-Bresson<\/b><span style=\"font-weight: 400;\"> \u00e8 un altro dei fotografi pi\u00f9 famosi al mondo, massimo esponente del fotogiornalismo. La sua carriera inizia negli anni &#8217;30 quando comincia a viaggiare per il mondo e a <\/span><b>documentare la vita <\/b><span style=\"font-weight: 400;\">delle persone che incontra. \u00c8 stato tra i primi fotografi ad usare una macchina fotografica portatile e leggera, cosa che gli ha permesso di catturare immagini spontanee e naturali delle persone. Nel 1947 fonda l&#8217;agenzia <\/span><span style=\"text-decoration: underline;\"><a href=\"https:\/\/it.wikipedia.org\/wiki\/Magnum_Photos\" target=\"_blank\" rel=\"noopener\"><span style=\"font-weight: 400;\">Magnum Photos<\/span><\/a><\/span><span style=\"font-weight: 400;\"> insieme ad altri fotografi, tra cui Robert Capa e David Seymour.<\/span><\/p>\n<p><span style=\"font-weight: 400;\">Cartier-Bresson ha viaggiato in tutto il mondo ed ha anche documentato eventi storici come la <\/span><b>guerra civile spagnola<\/b><span style=\"font-weight: 400;\"> e la <\/span><b>seconda guerra mondiale<\/b><span style=\"font-weight: 400;\">. Le sue fotografie pi\u00f9 famose sono poste qui di seguito.<\/span><\/p>\n<p><span style=\"font-weight: 400;\">Questa \u00e8 una delle sue citazioni pi\u00f9 celebri: <\/span><i><span style=\"font-weight: 400;\">\u201cQuello che un buon fotografo deve cercare di fare \u00e8 mettere sulla stessa linea di mira il cuore, la mente e l&#8217;occhio.\u201d<\/span><\/i><\/p>\n<h4><span style=\"color: #8da598;\">Scatti Migliori<\/span><\/h4>\n<p>ngg_shortcode_1_placeholder* clicca sull&#8217;immagine per ingrandirla<\/p>\n<h4><span style=\"color: #8da598;\">Video<\/span><\/h4>\n<p><span style=\"font-weight: 400;\">In questo video troverai la biografia e le opere di Henri Cartier-Bresson<\/span> <span style=\"font-weight: 400;\">riassunte<\/span> <span style=\"font-weight: 400;\">in soli 10 punti!<\/span><\/p>\n<p><iframe title=\"Henri Cartier-Bresson: vita e opere in 10 punti\" width=\"800\" height=\"450\" src=\"https:\/\/www.youtube.com\/embed\/-7eUCo0OlOA?feature=oembed\" frameborder=\"0\" allow=\"accelerometer; autoplay; clipboard-write; encrypted-media; gyroscope; picture-in-picture; web-share\" referrerpolicy=\"strict-origin-when-cross-origin\" allowfullscreen><\/iframe><\/p>\n<h3><span style=\"font-weight: 400;\"><br \/>\n<a name=\"cap3\"><\/a>3. Steve McCurry<\/span><\/h3>\n<table>\n<tbody>\n<tr>\n<td><b>Data di nascita<\/b><\/td>\n<td><span style=\"font-weight: 400;\">1950&nbsp;<\/span><\/td>\n<\/tr>\n<tr>\n<td><b>Luogo di nascita<\/b><\/td>\n<td><span style=\"font-weight: 400;\">Filadelfia, Pennsylvania USA<\/span><\/td>\n<\/tr>\n<tr>\n<td><b>Nazionalit\u00e0<\/b><\/td>\n<td><span style=\"font-weight: 400;\">Statunitense<\/span><\/td>\n<\/tr>\n<tr>\n<td><b>Data di morte<\/b><\/td>\n<td><span style=\"font-weight: 400;\">&#8211;<\/span><\/td>\n<\/tr>\n<\/tbody>\n<\/table>\n<h4><\/h4>\n<h4><span style=\"color: #8da598;\">Biografia<\/span><\/h4>\n<p><b>Steve McCurry<\/b><span style=\"font-weight: 400;\"> \u00e8 un altro fotografo famoso per il suo lavoro di reportage. La sua carriera inizia negli anni &#8217;70, quando viene inviato in Afghanistan per documentare la guerra civile. Qui incontra una <\/span><b>ragazza afgana<\/b><span style=\"font-weight: 400;\"> di nome Sharbat Gula che diventer\u00e0 la protagonista della sua fotografia pi\u00f9 famosa, &#8220;Afghan Girl&#8221;.&nbsp;<\/span><\/p>\n<p><span style=\"font-weight: 400;\">L&#8217;immagine ritrae Gula dallo sguardo penetrante ed intenso, fisso nell&#8217;obiettivo. La foto \u00e8 diventata famosa in tutto il mondo ed \u00e8 stata pubblicata sulla copertina della rivista &#8220;<\/span><b>National Geographic<\/b><span style=\"font-weight: 400;\">&#8221; nel 1985. In seguito McCurry cerc\u00f2 la donna per anni e riusc\u00ec a ritrovarla (nonostante numerose donne si spacciavano per lei, lui l\u2019ha riconosciuta dai segni particolari del viso e, soprattutto, dai suoi occhi ancora magnetici). Attualmente <\/span><span style=\"text-decoration: underline;\"><a href=\"https:\/\/www.vanityfair.it\/article\/sharbat-gula-la-ragazza-afghana-di-steve-mccurry-e-in-salvo-a-roma\" target=\"_blank\" rel=\"noopener\"><span style=\"font-weight: 400;\">Sharbat Gula<\/span><\/a><\/span><span style=\"font-weight: 400;\"> ha ottenuto lo status di rifugiata dal governo Draghi e si trova a Roma.&nbsp;<\/span><\/p>\n<p><span style=\"font-weight: 400;\">McCurry ha continuato a documentare le guerre in Afghanistan negli anni &#8217;80 e &#8217;90 e ha anche lavorato in altri paesi come la Cambogia, il Pakistan e Filippine. Ha vinto numerosi premi per il suo <\/span><b>lavoro di reportage<\/b><span style=\"font-weight: 400;\">, tra cui il <\/span><span style=\"font-weight: 400;\">Leica Hall of Fame Award <\/span><span style=\"font-weight: 400;\">e il <\/span><span style=\"font-weight: 400;\">New York Film Festival<\/span><span style=\"font-weight: 400;\"> Gold.<\/span><\/p>\n<p><span style=\"font-weight: 400;\">Una delle sue frasi pi\u00f9 celebri \u00e8:<\/span><i><span style=\"font-weight: 400;\"> &#8220;Non cerco mai di abbellire o di romanzare [una fotografia], la cosa pi\u00f9 importante \u00e8 raccontare la storia nel modo migliore possibile.&#8221;<\/span><\/i><\/p>\n<h4><span style=\"color: #8da598;\">Scatti Migliori<\/span><\/h4>\n<p>ngg_shortcode_2_placeholder* clicca sull&#8217;immagine per ingrandirla<\/p>\n<h4><span style=\"color: #8da598;\">Video<\/span><\/h4>\n<p><span style=\"font-weight: 400;\">Ti condividiamo quest\u2019interessante intervista di Steve McCurry andata in onda su Rai 1:<\/span><\/p>\n<p><iframe title=\"Steave McCurry, un mito della fotografia - Oggi \u00e8 un altro giorno 26\/10\/2021\" width=\"800\" height=\"450\" src=\"https:\/\/www.youtube.com\/embed\/MjFA6vmgdB8?feature=oembed\" frameborder=\"0\" allow=\"accelerometer; autoplay; clipboard-write; encrypted-media; gyroscope; picture-in-picture; web-share\" referrerpolicy=\"strict-origin-when-cross-origin\" allowfullscreen><\/iframe><\/p>\n<h3><span style=\"font-weight: 400;\"><br \/>\n<a name=\"cap4\"><\/a>4. Annie Leibovitz&nbsp;<\/span><\/h3>\n<table>\n<tbody>\n<tr>\n<td><b>Data di nascita<\/b><\/td>\n<td><span style=\"font-weight: 400;\">1949<\/span><\/td>\n<\/tr>\n<tr>\n<td><b>Luogo di nascita<\/b><\/td>\n<td><span style=\"font-weight: 400;\">Waterbury, Connecticut USA<\/span><\/td>\n<\/tr>\n<tr>\n<td><b>Nazionalit\u00e0<\/b><\/td>\n<td><span style=\"font-weight: 400;\">Statunitense<\/span><\/td>\n<\/tr>\n<tr>\n<td><b>Data di morte<\/b><\/td>\n<td><span style=\"font-weight: 400;\">&#8211;<\/span><\/td>\n<\/tr>\n<\/tbody>\n<\/table>\n<h4><\/h4>\n<h4><span style=\"color: #8da598;\">Biografia<\/span><\/h4>\n<p><b>Annie Leibovitz<\/b><span style=\"font-weight: 400;\"> \u00e8 una fotografa americana famosa per i suoi <\/span><b>ritratti di personaggi celebri<\/b><span style=\"font-weight: 400;\">. Ha iniziato la sua carriera negli anni &#8217;70, quando ha lavorato come assistente per il famoso fotografo Richard Avedon. Successivamente ha iniziato a collaborare con la rivista &#8220;Rolling Stone&#8221;, dove ha realizzato numerosi ritratti di cantanti e musicisti famosi come John Lennon, Leonardo di Caprio e Lady Gaga.<\/span><\/p>\n<p><span style=\"font-weight: 400;\">Una delle sue frasi pi\u00f9 celebri \u00e8: <\/span><i><span style=\"font-weight: 400;\">&#8220;Ben presto ho imparato che un\u2019immagine all\u2019apparenza insignificante pu\u00f2 divenire piena di significato, ed \u00e8 un aspetto della fotografia che ho sempre adorato.&#8221;<\/span><\/i><\/p>\n<h4><span style=\"color: #8da598;\">Scatti Migliori<\/span><\/h4>\n<p>ngg_shortcode_3_placeholder* clicca sull&#8217;immagine per ingrandirla<\/p>\n<h4><span style=\"color: #8da598;\">Video<\/span><\/h4>\n<p><span style=\"font-weight: 400;\">Di seguito troverai il backstage di uno shooting:<\/span><\/p>\n<p><iframe title=\"Annie Leibovitz Shoots Unconventional Lincoln Continental Campaign\" width=\"800\" height=\"450\" src=\"https:\/\/www.youtube.com\/embed\/oEhUo_hrAzs?feature=oembed\" frameborder=\"0\" allow=\"accelerometer; autoplay; clipboard-write; encrypted-media; gyroscope; picture-in-picture; web-share\" referrerpolicy=\"strict-origin-when-cross-origin\" allowfullscreen><\/iframe><\/p>\n<h3><span style=\"font-weight: 400;\"><br \/>\n<a name=\"cap5\"><\/a>5. Sebasti\u00e3o Salgado&nbsp;<\/span><\/h3>\n<table>\n<tbody>\n<tr>\n<td><b>Data di nascita<\/b><\/td>\n<td><span style=\"font-weight: 400;\">1944<\/span><\/td>\n<\/tr>\n<tr>\n<td><b>Luogo di nascita<\/b><\/td>\n<td><span style=\"font-weight: 400;\">Aimor\u00e9s, Minas Gerais<\/span><\/td>\n<\/tr>\n<tr>\n<td><b>Nazionalit\u00e0<\/b><\/td>\n<td><span style=\"font-weight: 400;\">Brasiliana<\/span><\/td>\n<\/tr>\n<tr>\n<td><b>Data di morte<\/b><\/td>\n<td><span style=\"font-weight: 400;\">&#8211;<\/span><\/td>\n<\/tr>\n<\/tbody>\n<\/table>\n<h4><\/h4>\n<h4><span style=\"color: #8da598;\">Biografia<\/span><\/h4>\n<p><b>Sebasti\u00e3o Salgado<\/b><span style=\"font-weight: 400;\"> \u00e8 un fotografo brasiliano famoso per i suoi reportage sui <\/span><b>temi sociali e ambientali<\/b><span style=\"font-weight: 400;\">. La sua carriera come fotografo inizia in una missione in Africa, lavorando poi per il giornale &#8220;Folha de S. Paulo&#8221;. Successivamente ha collaborato con diverse riviste e agenzie di stampa, documentando eventi come la dittatura militare in Brasile e l&#8217;Apartheid in Sudafrica.&nbsp;<\/span><\/p>\n<p><span style=\"font-weight: 400;\">Dal 2003 Salgado realizza il progetto &#8220;<\/span><span style=\"text-decoration: underline;\"><a href=\"https:\/\/www.amazon.it\/Sebasti%C3%A3o-Salgado-Genesi-Wanick-Salgado\/dp\/3836542625\/ref=asc_df_3836542625\/?tag=googshopit-21&amp;linkCode=df0&amp;hvadid=194949209684&amp;hvpos=&amp;hvnetw=g&amp;hvrand=12382927570043312274&amp;hvpone=&amp;hvptwo=&amp;hvqmt=&amp;hvdev=c&amp;hvdvcmdl=&amp;hvlocint=&amp;hvlocphy=1008363&amp;hvtargid=pla-83156854620&amp;psc=1\" target=\"_blank\" rel=\"noopener\"><span style=\"font-weight: 400;\">Genesi<\/span><\/a><\/span><span style=\"font-weight: 400;\">&#8220;, un reportage interamente dedicato alla <\/span><b>bellezza della natura<\/b><span style=\"font-weight: 400;\"> per trasmettere l&#8217;importanza della sua salvaguardia. Salgado ha vinto numerosi premi per il suo lavoro, tra cui il ASMP Award, il World Press Photo Award e il Premio Unesco.<\/span><\/p>\n<p><span style=\"font-weight: 400;\">Una delle sue frasi pi\u00f9 celebri \u00e8: <\/span><i><span style=\"font-weight: 400;\">&#8220;Il tempo dedicato a fare fotografie sul campo \u00e8 solo l&#8217;1% del tempo complessivo. Il lavoro a tempo pieno \u00e8 quello dedicato all&#8217;ideazione, alla progettazione e alla realizzazione del concept. \u00c8 questa l&#8217;essenza della fotografia&#8221;.<\/span><\/i><\/p>\n<h4>Scatti Migliori<\/h4>\n<p>ngg_shortcode_4_placeholder* clicca sull&#8217;immagine per ingrandirla<\/p>\n<h4><span style=\"color: #8da598;\">Video<\/span><\/h4>\n<p><span style=\"font-weight: 400;\">Dai un\u2019occhiata a questo video \ud83d\udc47\ud83c\udffc <\/span><\/p>\n<p><iframe title=\"Storie di Grandi Fotografi - Sebastiao Salgado\" width=\"800\" height=\"450\" src=\"https:\/\/www.youtube.com\/embed\/MwqPnKkDMfo?feature=oembed\" frameborder=\"0\" allow=\"accelerometer; autoplay; clipboard-write; encrypted-media; gyroscope; picture-in-picture; web-share\" referrerpolicy=\"strict-origin-when-cross-origin\" allowfullscreen><\/iframe><\/p>\n<p><span style=\"font-weight: 400;\">&nbsp;<\/span><\/p>\n<h2><span style=\"font-weight: 400;\">Fotografi Famosi Italiani<\/span><\/h2>\n<p><span style=\"font-weight: 400;\">Vogliamo dedicare uno spazio di quest\u2019articolo ai <\/span><b>fotografi famosi italiani<\/b><span style=\"font-weight: 400;\">. In Italia la fotografia \u00e8 un\u2019arte che ha preso piede da molto tempo e anche nel nostro Paese sono nati dei grandi fotografi. Vediamone alcuni brevemente.&nbsp;<\/span><\/p>\n<h3><span style=\"font-weight: 400;\"><br \/>\n<a name=\"cap6\"><\/a>6. Oliviero Toscani<\/span><\/h3>\n<table>\n<tbody>\n<tr>\n<td><b>Data di nascita<\/b><\/td>\n<td><span style=\"font-weight: 400;\">1942<\/span><\/td>\n<\/tr>\n<tr>\n<td><b>Luogo di nascita<\/b><\/td>\n<td><span style=\"font-weight: 400;\">Milano (MI)<\/span><\/td>\n<\/tr>\n<tr>\n<td><b>Nazionalit\u00e0<\/b><\/td>\n<td><span style=\"font-weight: 400;\">Italiana<\/span><\/td>\n<\/tr>\n<tr>\n<td><b>Data di morte<\/b><\/td>\n<td><span style=\"font-weight: 400;\">&#8211;<\/span><\/td>\n<\/tr>\n<\/tbody>\n<\/table>\n<h4><\/h4>\n<h4><span style=\"color: #8da598;\">Biografia<\/span><\/h4>\n<p><b>Oliviero Toscani<\/b><span style=\"font-weight: 400;\"> \u00e8 un fotografo italiano famoso per i suoi ritratti provocatori e per le sue<\/span><b> campagne pubblicitarie controverse<\/b><span style=\"font-weight: 400;\">. Ha iniziato la sua carriera negli anni &#8217;60 quando ha lavorato come fotografo freelance per diversi giornali e riviste. Nel 1982 realizza la celebre campagna pubblicitaria &#8220;<\/span><b>Benetton<\/b><span style=\"font-weight: 400;\">&#8221; che lo rende famoso in tutto il mondo. Da allora ha realizzato numerose altre campagne pubblicitarie provocatorie per Benetton, Diesel e Pirelli.<\/span><\/p>\n<p><span style=\"font-weight: 400;\">Una delle sue frasi pi\u00f9 celebri \u00e8: <\/span><i><span style=\"font-weight: 400;\">&#8220;La vita ha senso solo se si vive &#8220;contro&#8221;. Il conformismo uccide la creativit\u00e0 e finisce per annientare l&#8217;uomo.&#8221;<\/span><\/i><\/p>\n<h4><span style=\"color: #8da598;\">Scatti Migliori<\/span><\/h4>\n<p>ngg_shortcode_5_placeholder* clicca sull&#8217;immagine per ingrandirla<\/p>\n<h4><span style=\"color: #8da598;\">Video<\/span><\/h4>\n<p><span style=\"font-weight: 400;\">Potrai trovare interessante questa intervista ad Oliviero Toscani dove gli vengono poste 10 domande scomode:<\/span><\/p>\n<p><iframe title=\"10 Domande Scomode a Oliviero Toscani\" width=\"800\" height=\"450\" src=\"https:\/\/www.youtube.com\/embed\/2axxyrGrpQ8?feature=oembed\" frameborder=\"0\" allow=\"accelerometer; autoplay; clipboard-write; encrypted-media; gyroscope; picture-in-picture; web-share\" referrerpolicy=\"strict-origin-when-cross-origin\" allowfullscreen><\/iframe><\/p>\n<h3><span style=\"font-weight: 400;\"><br \/>\n<a name=\"cap7\"><\/a>7. Franco Fontana<\/span><\/h3>\n<table>\n<tbody>\n<tr>\n<td><b>Data di nascita<\/b><\/td>\n<td><span style=\"font-weight: 400;\">1933<\/span><\/td>\n<\/tr>\n<tr>\n<td><b>Luogo di nascita<\/b><\/td>\n<td><span style=\"font-weight: 400;\">Modena (MO)<\/span><\/td>\n<\/tr>\n<tr>\n<td><b>Nazionalit\u00e0<\/b><\/td>\n<td><span style=\"font-weight: 400;\">Italiana<\/span><\/td>\n<\/tr>\n<tr>\n<td><b>Data di morte<\/b><\/td>\n<td><span style=\"font-weight: 400;\">&#8211;<\/span><\/td>\n<\/tr>\n<\/tbody>\n<\/table>\n<h4><\/h4>\n<h4><span style=\"color: #8da598;\">Biografia<\/span><\/h4>\n<p><b>Franco Fontana<\/b><span style=\"font-weight: 400;\"> \u00e8 un fotografo italiano famoso per i suoi scatti in bianco e nero della citt\u00e0 di Modena, la sua citt\u00e0 natale. La carriera di Fontana inizia negli anni &#8217;60 quando collabora con diverse riviste e giornali. Nel 1968 realizza la celebre fotografia &#8220;Ritratto di strada&#8221; che lo rende famoso a livello internazionale. Da allora continua a<\/span><b> documentare le citt\u00e0 italiane<\/b><span style=\"font-weight: 400;\">, soprattutto quelle del Nord, come Bologna e Milano. Nel 2006 gli viene conferito il Premio alla Carriera dalla Fondazione Modena Arti Visive.<\/span><\/p>\n<p><span style=\"font-weight: 400;\">Una delle sue frasi pi\u00f9 celebri \u00e8: <\/span><i><span style=\"font-weight: 400;\">&#8220;La fotografia mi interessa perch\u00e9 racconta una storia, la mia o quella di chi guarda le mie foto&#8221;.<\/span><\/i><\/p>\n<h4><span style=\"color: #8da598;\">Scatti Migliori<\/span><\/h4>\nngg_shortcode_6_placeholder\n<h4><span style=\"color: #8da598;\">Video<\/span><\/h4>\n<p><span style=\"font-weight: 400;\">Ecco un documentario su Franco Fontana:<\/span><\/p>\n<p><iframe title=\"FRANCO FONTANA - Full Documentary 2009\" width=\"800\" height=\"450\" src=\"https:\/\/www.youtube.com\/embed\/9mDd2IOCj-8?feature=oembed\" frameborder=\"0\" allow=\"accelerometer; autoplay; clipboard-write; encrypted-media; gyroscope; picture-in-picture; web-share\" referrerpolicy=\"strict-origin-when-cross-origin\" allowfullscreen><\/iframe><\/p>\n<h3><span style=\"font-weight: 400;\"><br \/>\n<a name=\"cap8\"><\/a>8. Letizia Battaglia<\/span><\/h3>\n<table>\n<tbody>\n<tr>\n<td><b>Data di nascita<\/b><\/td>\n<td><span style=\"font-weight: 400;\">1935<\/span><\/td>\n<\/tr>\n<tr>\n<td><b>Luogo di nascita<\/b><\/td>\n<td><span style=\"font-weight: 400;\">Palermo (PA)<\/span><\/td>\n<\/tr>\n<tr>\n<td><b>Nazionalit\u00e0<\/b><\/td>\n<td><span style=\"font-weight: 400;\">Italiana<\/span><\/td>\n<\/tr>\n<tr>\n<td><b>Data di morte<\/b><\/td>\n<td><span style=\"font-weight: 400;\">2022 (all\u2019et\u00e0 di 87 anni)<\/span><\/td>\n<\/tr>\n<\/tbody>\n<\/table>\n<h4><\/h4>\n<h4><span style=\"color: #8da598;\"><b>Biografia <\/b><\/span><\/h4>\n<p><b>Letizia Battaglia <\/b><span style=\"font-weight: 400;\">\u00e8 stata una fotografa italiana celebre per i suoi reportage sulla mafia e la violenza in Sicilia. Ha iniziato la sua carriera negli anni &#8217;70, quando ha collaborato con il giornale <\/span><i><span style=\"font-weight: 400;\">&#8220;L&#8217;Ora&#8221;<\/span><\/i><span style=\"font-weight: 400;\">. Successivamente ha realizzato numerosi <\/span><b>reportage sulla mafia siciliana <\/b><span style=\"font-weight: 400;\">per diversi giornali e riviste.<\/span><span style=\"font-weight: 400;\"> Dopo l\u2019omicidi di Giovanni Falcone e Paolo Borsellino interrompe la sua carriera da fotoreporter. <\/span><span style=\"font-weight: 400;\">\u00c9 deceduta il 13 aprile 2022 all\u2019et\u00e0 di 87 anni.&nbsp;<\/span><\/p>\n<p><span style=\"font-weight: 400;\">Una delle sue frasi pi\u00f9 celebri \u00e8:<\/span><i><span style=\"font-weight: 400;\"> \u201c\u00c8 come se Palermo nel suo disordine fosse un input etico, morale, per chi vive fuori. Suscita rabbia e amore e fa venire voglia di intervenire.\u201d<\/span><\/i><\/p>\n<h4><span style=\"color: #8da598;\">Scatti Migliori<\/span><\/h4>\nngg_shortcode_7_placeholder\n<h4><span style=\"color: #8da598;\">Video<\/span><\/h4>\n<p><span style=\"font-weight: 400;\">Guarda questa sua intervista:&nbsp;<\/span><\/p>\n<p><iframe title=\"#SOUL Monica Mondo intervista Letizia Battaglia\" width=\"800\" height=\"450\" src=\"https:\/\/www.youtube.com\/embed\/zX41FSuiuls?feature=oembed\" frameborder=\"0\" allow=\"accelerometer; autoplay; clipboard-write; encrypted-media; gyroscope; picture-in-picture; web-share\" referrerpolicy=\"strict-origin-when-cross-origin\" allowfullscreen><\/iframe><\/p>\n<h2><span style=\"font-weight: 400;\">Conclusione<\/span><\/h2>\n<p><span style=\"font-weight: 400;\">Ciascuno di questi fotografi ha contribuito in modo unico alla <\/span><b>storia della fotografia<\/b><span style=\"font-weight: 400;\">, lasciandoci immagini che rimarranno per sempre nella nostra mente. Qual \u00e8 il tuo fotografo preferito? Lascia un commento e scrivici quali altri fotografi famosi aggiungeresti a questa lista!<\/span><\/p>\n<p><span style=\"font-weight: 400;\">Ricordati di seguirci sui nostri canali social <\/span><a href=\"https:\/\/www.instagram.com\/ticialbum\/\"><span style=\"font-weight: 400;\">Instagram<\/span><\/a><span style=\"font-weight: 400;\"> e <\/span><a href=\"https:\/\/it-it.facebook.com\/ticialbum\/\"><span style=\"font-weight: 400;\">Facebook<\/span><\/a><span style=\"font-weight: 400;\"> \ud83e\udd33\ud83c\udffc<\/span><\/p>\n<p><i><span style=\"font-weight: 400;\">Alla prossima!&nbsp;<\/span><\/i><\/p>\n<p>Fonte foto: <a href=\"https:\/\/www.artuu.it\/le-5-fotografie-piu-iconiche-di-oliviero-toscani\/\" target=\"_blank\" rel=\"noopener\">Oliviero Toscani<\/a> &#8211; <a href=\"https:\/\/www.nikonschool.it\/sguardi\/93\/franco-fontana.php\" target=\"_blank\" rel=\"noopener\">Franco Fontana<\/a> &#8211;&nbsp;<a href=\"https:\/\/fotografiaartistica.it\/la-fotografia-di-letizia-battaglia\/\" target=\"_blank\" rel=\"noopener\">Letizia Battaglia<\/a><\/p>\n","protected":false},"excerpt":{"rendered":"<p>La fotografia \u00e8 l\u2019arte che ferma per sempre un momento nel tempo. I fotografi sono in grado di catturare la bellezza del mondo intorno a noi e trasmetterla agli altri attraverso le loro immagini ma, pur essendo ognuno un artista di per s\u00e9, solo alcuni di loro hanno lasciato un segno indelebile nella storia della fotografia.&nbsp; Questi si sono distinti per il proprio stile unico e la propria visione di ci\u00f2 che li circonda. In questo articolo elencheremo alcuni dei fotografi pi\u00f9 famosi al mondo e parleremo brevemente della loro carriera, mostrandoti anche dei loro scatti pi\u00f9 famosi che, probabilmente, gi\u00e0 conoscerai!&nbsp; Vediamo insieme chi sono i fotografi pi\u00f9 celebri che hanno conquistato un posto in quest\u2019articolo! \ud83c\udfc6&nbsp; INDICE GUIDA: \ud83d\udcf8 Fotografi Famosi Stranieri: Ansel Adams Henri Cartier-Bresson Steve McCurry Annie Leibovitz Sebasti\u00e3o Salgado \ud83d\udcf8 Fotografi Famosi Italiani: Oliviero Toscani Franco Fontana Letizia Battaglia Fotografi Famosi Stranieri \u00c8 quasi del tutto impossibile stabilire chi sia il fotografo pi\u00f9 famoso al mondo, ma senza dubbio ci sono dei nomi che possiamo considerare pi\u00f9 rinomati di altri.&nbsp; I fotografi professionisti che troverai nelle prossime righe sono stati capaci di catturare qualcosa di unico e speciale ed \u00e8 per questo che sono ricordati ancora oggi. Continua a leggere per scoprire quali sono i fotografi pi\u00f9 famosi al mondo! \ud83d\udcf8 1. Ansel Adams Data di nascita 1902 Luogo di nascita San Francisco, California USA Nazionalit\u00e0 Statunitense Data di morte 1984 (all&#8217;et\u00e0 di 82 anni) Biografia Ansel Adams \u00e8, senza dubbio, tra i fotografi pi\u00f9 conosciuti al mondo. La sua carriera \u00e8 iniziata nel 1916 quando ha scattato la sua prima fotografia durante un viaggio in famiglia al Parco Nazionale di Yosemite. Da allora, ha continuato a documentare il paesaggio americano, catturando immagini mozzafiato dei parchi nazionali e della natura selvaggia. Nel 1938 ha pubblicato il suo primo libro di fotografia, &#8220;Sierra Nevada: The John Muir Trail&#8220;, divenuto un grande successo. Successivamente ha continuato a pubblicare libri di fotografie e ad esporre le sue opere in tutto il mondo. \u00c8 divenuto famoso per il suo stile unico di fotografia paesaggistica, capace di catturare la bellezza della natura in modo straordinario. Adams \u00e8 stato anche un importante attivista ambientale, impegnato nella difesa dei parchi nazionali e della natura selvaggia, difatti si \u00e8 iscritto al Sierra Club Foundation e ha lavorato per la protezione del Parco Nazionale di Yellowstone. La sua fotografia pi\u00f9 famosa \u00e8 &#8220;The Tetons and Snake River, Grand Teton National Park, Wyoming, The Lane Collection&#8221;, scattata nel 1942. L&#8217;immagine ritrae il paesaggio che circonda la montagna Grand Tetons e il fiume Snake River che spicca tra la vegetazione. \u00c8 una delle sue fotografie pi\u00f9 iconiche e ha ispirato generazioni di fotografi e che, guardacaso, \u00e8 stata venduta all&#8217;asta per quasi 1 milione di dollari! Una delle sue frasi famose (che probabilmente avrai gi\u00e0 sentito) \u00e8: &#8220;Ho sempre pensato che la fotografia sia come una barzelletta: se la devi spiegare non \u00e8 venuta bene.&#8221; Scatti Migliori * clicca sull&#8217;immagine per ingrandirla Video Qui di seguito ti proponiamo un video che illustra la sua carriera fotografica: 2. Henri Cartier-Bresson Data di nascita 1908 Luogo di nascita Chanteloup-en-Brie Nazionalit\u00e0&nbsp; Francese Data di morte 2004 (all\u2019et\u00e0 di 95 anni) Biografia Henri Cartier-Bresson \u00e8 un altro dei fotografi pi\u00f9 famosi al mondo, massimo esponente del fotogiornalismo. La sua carriera inizia negli anni &#8217;30 quando comincia a viaggiare per il mondo e a documentare la vita delle persone che incontra. \u00c8 stato tra i primi fotografi ad usare una macchina fotografica portatile e leggera, cosa che gli ha permesso di catturare immagini spontanee e naturali delle persone. Nel 1947 fonda l&#8217;agenzia Magnum Photos insieme ad altri fotografi, tra cui Robert Capa e David Seymour. Cartier-Bresson ha viaggiato in tutto il mondo ed ha anche documentato eventi storici come la guerra civile spagnola e la seconda guerra mondiale. Le sue fotografie pi\u00f9 famose sono poste qui di seguito. Questa \u00e8 una delle sue citazioni pi\u00f9 celebri: \u201cQuello che un buon fotografo deve cercare di fare \u00e8 mettere sulla stessa linea di mira il cuore, la mente e l&#8217;occhio.\u201d Scatti Migliori * clicca sull&#8217;immagine per ingrandirla Video In questo video troverai la biografia e le opere di Henri Cartier-Bresson riassunte in soli 10 punti! 3. Steve McCurry Data di nascita 1950&nbsp; Luogo di nascita Filadelfia, Pennsylvania USA Nazionalit\u00e0 Statunitense Data di morte &#8211; Biografia Steve McCurry \u00e8 un altro fotografo famoso per il suo lavoro di reportage. La sua carriera inizia negli anni &#8217;70, quando viene inviato in Afghanistan per documentare la guerra civile. Qui incontra una ragazza afgana di nome Sharbat Gula che diventer\u00e0 la protagonista della sua fotografia pi\u00f9 famosa, &#8220;Afghan Girl&#8221;.&nbsp; L&#8217;immagine ritrae Gula dallo sguardo penetrante ed intenso, fisso nell&#8217;obiettivo. La foto \u00e8 diventata famosa in tutto il mondo ed \u00e8 stata pubblicata sulla copertina della rivista &#8220;National Geographic&#8221; nel 1985. In seguito McCurry cerc\u00f2 la donna per anni e riusc\u00ec a ritrovarla (nonostante numerose donne si spacciavano per lei, lui l\u2019ha riconosciuta dai segni particolari del viso e, soprattutto, dai suoi occhi ancora magnetici). Attualmente Sharbat Gula ha ottenuto lo status di rifugiata dal governo Draghi e si trova a Roma.&nbsp; McCurry ha continuato a documentare le guerre in Afghanistan negli anni &#8217;80 e &#8217;90 e ha anche lavorato in altri paesi come la Cambogia, il Pakistan e Filippine. Ha vinto numerosi premi per il suo lavoro di reportage, tra cui il Leica Hall of Fame Award e il New York Film Festival Gold. Una delle sue frasi pi\u00f9 celebri \u00e8: &#8220;Non cerco mai di abbellire o di romanzare [una fotografia], la cosa pi\u00f9 importante \u00e8 raccontare la storia nel modo migliore possibile.&#8221; Scatti Migliori * clicca sull&#8217;immagine per ingrandirla Video Ti condividiamo quest\u2019interessante intervista di Steve McCurry andata in onda su Rai 1: 4. Annie Leibovitz&nbsp; Data di nascita 1949 Luogo di nascita Waterbury, Connecticut USA Nazionalit\u00e0 Statunitense Data di morte &#8211; Biografia Annie Leibovitz \u00e8 una fotografa americana famosa per i suoi ritratti di personaggi celebri. Ha iniziato la sua carriera negli anni &#8217;70,<\/p>\n","protected":false},"author":1,"featured_media":922,"comment_status":"open","ping_status":"open","sticky":false,"template":"","format":"standard","meta":{"ngg_post_thumbnail":0,"footnotes":""},"categories":[2],"tags":[],"class_list":["post-837","post","type-post","status-publish","format-standard","has-post-thumbnail","hentry","category-guide"],"yoast_head":"<!-- This site is optimized with the Yoast SEO plugin v26.9 - https:\/\/yoast.com\/product\/yoast-seo-wordpress\/ -->\n<title>8 Fotografi Famosi che hanno lasciato un Segno nella storia<\/title>\n<meta name=\"description\" content=\"In quest&#039;articolo troverai 8 fotografi famosi italiani e stranieri con le loro opere pi\u00f9 celebri. Curiosit\u00e0, video, citazioni e molto altro da scoprire!\" \/>\n<meta name=\"robots\" content=\"index, follow, max-snippet:-1, max-image-preview:large, max-video-preview:-1\" \/>\n<link rel=\"canonical\" href=\"https:\/\/www.ticialbum.com\/blog\/fotografi-famosi\/\" \/>\n<meta property=\"og:locale\" content=\"it_IT\" \/>\n<meta property=\"og:type\" content=\"article\" \/>\n<meta property=\"og:title\" content=\"8 Fotografi Famosi che hanno lasciato un Segno nella storia\" \/>\n<meta property=\"og:description\" content=\"In quest&#039;articolo troverai 8 fotografi famosi italiani e stranieri con le loro opere pi\u00f9 celebri. Curiosit\u00e0, video, citazioni e molto altro da scoprire!\" \/>\n<meta property=\"og:url\" content=\"https:\/\/www.ticialbum.com\/blog\/fotografi-famosi\/\" \/>\n<meta property=\"og:site_name\" content=\"Blog TICI Album\" \/>\n<meta property=\"article:publisher\" content=\"https:\/\/it-it.facebook.com\/ticialbum\/\" \/>\n<meta property=\"article:published_time\" content=\"2022-09-29T10:48:40+00:00\" \/>\n<meta property=\"article:modified_time\" content=\"2022-09-30T07:21:09+00:00\" \/>\n<meta property=\"og:image\" content=\"https:\/\/www.ticialbum.com\/blog\/wp-content\/uploads\/2022\/09\/fotografi-famosi.png\" \/>\n\t<meta property=\"og:image:width\" content=\"1200\" \/>\n\t<meta property=\"og:image:height\" content=\"800\" \/>\n\t<meta property=\"og:image:type\" content=\"image\/png\" \/>\n<meta name=\"author\" content=\"admin\" \/>\n<meta name=\"twitter:card\" content=\"summary_large_image\" \/>\n<meta name=\"twitter:label1\" content=\"Scritto da\" \/>\n\t<meta name=\"twitter:data1\" content=\"admin\" \/>\n\t<meta name=\"twitter:label2\" content=\"Tempo di lettura stimato\" \/>\n\t<meta name=\"twitter:data2\" content=\"8 minuti\" \/>\n<script type=\"application\/ld+json\" class=\"yoast-schema-graph\">{\"@context\":\"https:\/\/schema.org\",\"@graph\":[{\"@type\":\"Article\",\"@id\":\"https:\/\/www.ticialbum.com\/blog\/fotografi-famosi\/#article\",\"isPartOf\":{\"@id\":\"https:\/\/www.ticialbum.com\/blog\/fotografi-famosi\/\"},\"author\":{\"name\":\"admin\",\"@id\":\"https:\/\/www.ticialbum.com\/blog\/#\/schema\/person\/1a4c28188b911106611bb0ca1be30ebf\"},\"headline\":\"8 Fotografi Famosi che hanno lasciato un segno nella storia\",\"datePublished\":\"2022-09-29T10:48:40+00:00\",\"dateModified\":\"2022-09-30T07:21:09+00:00\",\"mainEntityOfPage\":{\"@id\":\"https:\/\/www.ticialbum.com\/blog\/fotografi-famosi\/\"},\"wordCount\":1889,\"commentCount\":0,\"publisher\":{\"@id\":\"https:\/\/www.ticialbum.com\/blog\/#organization\"},\"image\":{\"@id\":\"https:\/\/www.ticialbum.com\/blog\/fotografi-famosi\/#primaryimage\"},\"thumbnailUrl\":\"https:\/\/www.ticialbum.com\/blog\/wp-content\/uploads\/2022\/09\/fotografi-famosi.png\",\"articleSection\":[\"Guide\"],\"inLanguage\":\"it-IT\",\"potentialAction\":[{\"@type\":\"CommentAction\",\"name\":\"Comment\",\"target\":[\"https:\/\/www.ticialbum.com\/blog\/fotografi-famosi\/#respond\"]}]},{\"@type\":\"WebPage\",\"@id\":\"https:\/\/www.ticialbum.com\/blog\/fotografi-famosi\/\",\"url\":\"https:\/\/www.ticialbum.com\/blog\/fotografi-famosi\/\",\"name\":\"8 Fotografi Famosi che hanno lasciato un Segno nella storia\",\"isPartOf\":{\"@id\":\"https:\/\/www.ticialbum.com\/blog\/#website\"},\"primaryImageOfPage\":{\"@id\":\"https:\/\/www.ticialbum.com\/blog\/fotografi-famosi\/#primaryimage\"},\"image\":{\"@id\":\"https:\/\/www.ticialbum.com\/blog\/fotografi-famosi\/#primaryimage\"},\"thumbnailUrl\":\"https:\/\/www.ticialbum.com\/blog\/wp-content\/uploads\/2022\/09\/fotografi-famosi.png\",\"datePublished\":\"2022-09-29T10:48:40+00:00\",\"dateModified\":\"2022-09-30T07:21:09+00:00\",\"description\":\"In quest'articolo troverai 8 fotografi famosi italiani e stranieri con le loro opere pi\u00f9 celebri. Curiosit\u00e0, video, citazioni e molto altro da scoprire!\",\"breadcrumb\":{\"@id\":\"https:\/\/www.ticialbum.com\/blog\/fotografi-famosi\/#breadcrumb\"},\"inLanguage\":\"it-IT\",\"potentialAction\":[{\"@type\":\"ReadAction\",\"target\":[\"https:\/\/www.ticialbum.com\/blog\/fotografi-famosi\/\"]}]},{\"@type\":\"ImageObject\",\"inLanguage\":\"it-IT\",\"@id\":\"https:\/\/www.ticialbum.com\/blog\/fotografi-famosi\/#primaryimage\",\"url\":\"https:\/\/www.ticialbum.com\/blog\/wp-content\/uploads\/2022\/09\/fotografi-famosi.png\",\"contentUrl\":\"https:\/\/www.ticialbum.com\/blog\/wp-content\/uploads\/2022\/09\/fotografi-famosi.png\",\"width\":1200,\"height\":800,\"caption\":\"8 Fotografi Famosi che hanno lasciato un segno nella storia\"},{\"@type\":\"BreadcrumbList\",\"@id\":\"https:\/\/www.ticialbum.com\/blog\/fotografi-famosi\/#breadcrumb\",\"itemListElement\":[{\"@type\":\"ListItem\",\"position\":1,\"name\":\"Home\",\"item\":\"https:\/\/www.ticialbum.com\/blog\/\"},{\"@type\":\"ListItem\",\"position\":2,\"name\":\"8 Fotografi Famosi che hanno lasciato un segno nella storia\"}]},{\"@type\":\"WebSite\",\"@id\":\"https:\/\/www.ticialbum.com\/blog\/#website\",\"url\":\"https:\/\/www.ticialbum.com\/blog\/\",\"name\":\"Blog TICI Album\",\"description\":\"Blog per professionisti della Fotografia\",\"publisher\":{\"@id\":\"https:\/\/www.ticialbum.com\/blog\/#organization\"},\"potentialAction\":[{\"@type\":\"SearchAction\",\"target\":{\"@type\":\"EntryPoint\",\"urlTemplate\":\"https:\/\/www.ticialbum.com\/blog\/?s={search_term_string}\"},\"query-input\":{\"@type\":\"PropertyValueSpecification\",\"valueRequired\":true,\"valueName\":\"search_term_string\"}}],\"inLanguage\":\"it-IT\"},{\"@type\":\"Organization\",\"@id\":\"https:\/\/www.ticialbum.com\/blog\/#organization\",\"name\":\"Blog TICI Album\",\"url\":\"https:\/\/www.ticialbum.com\/blog\/\",\"logo\":{\"@type\":\"ImageObject\",\"inLanguage\":\"it-IT\",\"@id\":\"https:\/\/www.ticialbum.com\/blog\/#\/schema\/logo\/image\/\",\"url\":\"https:\/\/www.ticialbum.com\/blog\/wp-content\/uploads\/2021\/11\/cropped-logo.jpg\",\"contentUrl\":\"https:\/\/www.ticialbum.com\/blog\/wp-content\/uploads\/2021\/11\/cropped-logo.jpg\",\"width\":144,\"height\":80,\"caption\":\"Blog TICI Album\"},\"image\":{\"@id\":\"https:\/\/www.ticialbum.com\/blog\/#\/schema\/logo\/image\/\"},\"sameAs\":[\"https:\/\/it-it.facebook.com\/ticialbum\/\"]},{\"@type\":\"Person\",\"@id\":\"https:\/\/www.ticialbum.com\/blog\/#\/schema\/person\/1a4c28188b911106611bb0ca1be30ebf\",\"name\":\"admin\",\"sameAs\":[\"http:\/\/ticialbum.com\/blog\"]}]}<\/script>\n<!-- \/ Yoast SEO plugin. -->","yoast_head_json":{"title":"8 Fotografi Famosi che hanno lasciato un Segno nella storia","description":"In quest'articolo troverai 8 fotografi famosi italiani e stranieri con le loro opere pi\u00f9 celebri. Curiosit\u00e0, video, citazioni e molto altro da scoprire!","robots":{"index":"index","follow":"follow","max-snippet":"max-snippet:-1","max-image-preview":"max-image-preview:large","max-video-preview":"max-video-preview:-1"},"canonical":"https:\/\/www.ticialbum.com\/blog\/fotografi-famosi\/","og_locale":"it_IT","og_type":"article","og_title":"8 Fotografi Famosi che hanno lasciato un Segno nella storia","og_description":"In quest'articolo troverai 8 fotografi famosi italiani e stranieri con le loro opere pi\u00f9 celebri. Curiosit\u00e0, video, citazioni e molto altro da scoprire!","og_url":"https:\/\/www.ticialbum.com\/blog\/fotografi-famosi\/","og_site_name":"Blog TICI Album","article_publisher":"https:\/\/it-it.facebook.com\/ticialbum\/","article_published_time":"2022-09-29T10:48:40+00:00","article_modified_time":"2022-09-30T07:21:09+00:00","og_image":[{"width":1200,"height":800,"url":"https:\/\/www.ticialbum.com\/blog\/wp-content\/uploads\/2022\/09\/fotografi-famosi.png","type":"image\/png"}],"author":"admin","twitter_card":"summary_large_image","twitter_misc":{"Scritto da":"admin","Tempo di lettura stimato":"8 minuti"},"schema":{"@context":"https:\/\/schema.org","@graph":[{"@type":"Article","@id":"https:\/\/www.ticialbum.com\/blog\/fotografi-famosi\/#article","isPartOf":{"@id":"https:\/\/www.ticialbum.com\/blog\/fotografi-famosi\/"},"author":{"name":"admin","@id":"https:\/\/www.ticialbum.com\/blog\/#\/schema\/person\/1a4c28188b911106611bb0ca1be30ebf"},"headline":"8 Fotografi Famosi che hanno lasciato un segno nella storia","datePublished":"2022-09-29T10:48:40+00:00","dateModified":"2022-09-30T07:21:09+00:00","mainEntityOfPage":{"@id":"https:\/\/www.ticialbum.com\/blog\/fotografi-famosi\/"},"wordCount":1889,"commentCount":0,"publisher":{"@id":"https:\/\/www.ticialbum.com\/blog\/#organization"},"image":{"@id":"https:\/\/www.ticialbum.com\/blog\/fotografi-famosi\/#primaryimage"},"thumbnailUrl":"https:\/\/www.ticialbum.com\/blog\/wp-content\/uploads\/2022\/09\/fotografi-famosi.png","articleSection":["Guide"],"inLanguage":"it-IT","potentialAction":[{"@type":"CommentAction","name":"Comment","target":["https:\/\/www.ticialbum.com\/blog\/fotografi-famosi\/#respond"]}]},{"@type":"WebPage","@id":"https:\/\/www.ticialbum.com\/blog\/fotografi-famosi\/","url":"https:\/\/www.ticialbum.com\/blog\/fotografi-famosi\/","name":"8 Fotografi Famosi che hanno lasciato un Segno nella storia","isPartOf":{"@id":"https:\/\/www.ticialbum.com\/blog\/#website"},"primaryImageOfPage":{"@id":"https:\/\/www.ticialbum.com\/blog\/fotografi-famosi\/#primaryimage"},"image":{"@id":"https:\/\/www.ticialbum.com\/blog\/fotografi-famosi\/#primaryimage"},"thumbnailUrl":"https:\/\/www.ticialbum.com\/blog\/wp-content\/uploads\/2022\/09\/fotografi-famosi.png","datePublished":"2022-09-29T10:48:40+00:00","dateModified":"2022-09-30T07:21:09+00:00","description":"In quest'articolo troverai 8 fotografi famosi italiani e stranieri con le loro opere pi\u00f9 celebri. Curiosit\u00e0, video, citazioni e molto altro da scoprire!","breadcrumb":{"@id":"https:\/\/www.ticialbum.com\/blog\/fotografi-famosi\/#breadcrumb"},"inLanguage":"it-IT","potentialAction":[{"@type":"ReadAction","target":["https:\/\/www.ticialbum.com\/blog\/fotografi-famosi\/"]}]},{"@type":"ImageObject","inLanguage":"it-IT","@id":"https:\/\/www.ticialbum.com\/blog\/fotografi-famosi\/#primaryimage","url":"https:\/\/www.ticialbum.com\/blog\/wp-content\/uploads\/2022\/09\/fotografi-famosi.png","contentUrl":"https:\/\/www.ticialbum.com\/blog\/wp-content\/uploads\/2022\/09\/fotografi-famosi.png","width":1200,"height":800,"caption":"8 Fotografi Famosi che hanno lasciato un segno nella storia"},{"@type":"BreadcrumbList","@id":"https:\/\/www.ticialbum.com\/blog\/fotografi-famosi\/#breadcrumb","itemListElement":[{"@type":"ListItem","position":1,"name":"Home","item":"https:\/\/www.ticialbum.com\/blog\/"},{"@type":"ListItem","position":2,"name":"8 Fotografi Famosi che hanno lasciato un segno nella storia"}]},{"@type":"WebSite","@id":"https:\/\/www.ticialbum.com\/blog\/#website","url":"https:\/\/www.ticialbum.com\/blog\/","name":"Blog TICI Album","description":"Blog per professionisti della Fotografia","publisher":{"@id":"https:\/\/www.ticialbum.com\/blog\/#organization"},"potentialAction":[{"@type":"SearchAction","target":{"@type":"EntryPoint","urlTemplate":"https:\/\/www.ticialbum.com\/blog\/?s={search_term_string}"},"query-input":{"@type":"PropertyValueSpecification","valueRequired":true,"valueName":"search_term_string"}}],"inLanguage":"it-IT"},{"@type":"Organization","@id":"https:\/\/www.ticialbum.com\/blog\/#organization","name":"Blog TICI Album","url":"https:\/\/www.ticialbum.com\/blog\/","logo":{"@type":"ImageObject","inLanguage":"it-IT","@id":"https:\/\/www.ticialbum.com\/blog\/#\/schema\/logo\/image\/","url":"https:\/\/www.ticialbum.com\/blog\/wp-content\/uploads\/2021\/11\/cropped-logo.jpg","contentUrl":"https:\/\/www.ticialbum.com\/blog\/wp-content\/uploads\/2021\/11\/cropped-logo.jpg","width":144,"height":80,"caption":"Blog TICI Album"},"image":{"@id":"https:\/\/www.ticialbum.com\/blog\/#\/schema\/logo\/image\/"},"sameAs":["https:\/\/it-it.facebook.com\/ticialbum\/"]},{"@type":"Person","@id":"https:\/\/www.ticialbum.com\/blog\/#\/schema\/person\/1a4c28188b911106611bb0ca1be30ebf","name":"admin","sameAs":["http:\/\/ticialbum.com\/blog"]}]}},"_links":{"self":[{"href":"https:\/\/www.ticialbum.com\/blog\/wp-json\/wp\/v2\/posts\/837","targetHints":{"allow":["GET"]}}],"collection":[{"href":"https:\/\/www.ticialbum.com\/blog\/wp-json\/wp\/v2\/posts"}],"about":[{"href":"https:\/\/www.ticialbum.com\/blog\/wp-json\/wp\/v2\/types\/post"}],"author":[{"embeddable":true,"href":"https:\/\/www.ticialbum.com\/blog\/wp-json\/wp\/v2\/users\/1"}],"replies":[{"embeddable":true,"href":"https:\/\/www.ticialbum.com\/blog\/wp-json\/wp\/v2\/comments?post=837"}],"version-history":[{"count":36,"href":"https:\/\/www.ticialbum.com\/blog\/wp-json\/wp\/v2\/posts\/837\/revisions"}],"predecessor-version":[{"id":924,"href":"https:\/\/www.ticialbum.com\/blog\/wp-json\/wp\/v2\/posts\/837\/revisions\/924"}],"wp:featuredmedia":[{"embeddable":true,"href":"https:\/\/www.ticialbum.com\/blog\/wp-json\/wp\/v2\/media\/922"}],"wp:attachment":[{"href":"https:\/\/www.ticialbum.com\/blog\/wp-json\/wp\/v2\/media?parent=837"}],"wp:term":[{"taxonomy":"category","embeddable":true,"href":"https:\/\/www.ticialbum.com\/blog\/wp-json\/wp\/v2\/categories?post=837"},{"taxonomy":"post_tag","embeddable":true,"href":"https:\/\/www.ticialbum.com\/blog\/wp-json\/wp\/v2\/tags?post=837"}],"curies":[{"name":"wp","href":"https:\/\/api.w.org\/{rel}","templated":true}]}}