{"id":995,"date":"2022-12-21T09:25:09","date_gmt":"2022-12-21T09:25:09","guid":{"rendered":"http:\/\/ticialbum.com\/blog\/?p=995"},"modified":"2022-12-21T09:25:09","modified_gmt":"2022-12-21T09:25:09","slug":"crociera-fotografi","status":"publish","type":"post","link":"https:\/\/www.ticialbum.com\/blog\/crociera-fotografi\/","title":{"rendered":"TICI Sviluppo On the Sea: un Ringraziamento Speciale"},"content":{"rendered":"<p style=\"text-align: center;\"><i><span style=\"font-weight: 400;\">\u201cSe vuoi andare veloce, vai da solo. Se vuoi andare lontano, vai insieme.\u201d<\/span><\/i><\/p>\n<p><span style=\"font-weight: 400;\">Le <\/span><b>relazioni personali<\/b><span style=\"font-weight: 400;\"> significano molto per noi: esse rappresentano le solide fondamenta di una relazione commerciale di successo e duratura, perch\u00e9 anche le migliori tecnologie sono inutili senza il supporto di un Team che vi permetta di ricavarne il massimo. <\/span><span style=\"font-weight: 400;\">Ci consideriamo un prezioso mosaico che continua ad arricchirsi ad ogni nuova persona che si unisce alla nostra azienda.&nbsp;<\/span><\/p>\n<p><span style=\"font-weight: 400;\">Questo \u00e8 il punto di partenza della nostra &#8220;felicit\u00e0&#8221; in TICI Album. Una felicit\u00e0 che viene dal rispetto, dal <\/span><b>lavoro di squadra<\/b><span style=\"font-weight: 400;\">, dalla motivazione, dalle competenze reciprocamente riconosciute e da tanti caff\u00e8 bevuti insieme giorno dopo giorno.<\/span><\/p>\n<p><span style=\"font-weight: 400;\">Questa volta il caff\u00e8 \u00e8 stato \u201cpi\u00f9 lungo\u201d, durato 7 giorni su una <\/span><b>nave da crociera<\/b><span style=\"font-weight: 400;\">.<\/span><\/p>\n<p><span style=\"font-weight: 400;\">La terza edizione di <\/span><strong>TICI On the Sea<\/strong><span style=\"font-weight: 400;\"> \u00e8 stata un grande successo per tutti noi. Questo viaggio, questo calore, rappresentano la bellezza della buona squadra fatta di partecipazione, contenuti e voglia di far bene. La squadra fatta di seriet\u00e0 e arricchita dall\u2019integrit\u00e0 di un legame che \u00e8 iniziato per caso e si \u00e8 consolidato e arricchito per scelta.<\/span><\/p>\n<p><img fetchpriority=\"high\" decoding=\"async\" src=\"http:\/\/ticialbum.com\/blog\/wp-content\/uploads\/2022\/12\/presentazione-crociera-fotografi.jpg\" alt=\"\" width=\"960\" height=\"640\" class=\"wp-image-1034 size-full aligncenter\" srcset=\"https:\/\/www.ticialbum.com\/blog\/wp-content\/uploads\/2022\/12\/presentazione-crociera-fotografi.jpg 960w, https:\/\/www.ticialbum.com\/blog\/wp-content\/uploads\/2022\/12\/presentazione-crociera-fotografi-600x400.jpg 600w, https:\/\/www.ticialbum.com\/blog\/wp-content\/uploads\/2022\/12\/presentazione-crociera-fotografi-300x200.jpg 300w, https:\/\/www.ticialbum.com\/blog\/wp-content\/uploads\/2022\/12\/presentazione-crociera-fotografi-768x512.jpg 768w, https:\/\/www.ticialbum.com\/blog\/wp-content\/uploads\/2022\/12\/presentazione-crociera-fotografi-360x240.jpg 360w\" sizes=\"(max-width: 960px) 100vw, 960px\" \/><\/p>\n<p><span style=\"font-weight: 400;\">Non ci sono parole talmente forti per esprimere ci\u00f2 abbiamo vissuto insieme. Vorremmo partire con i ringraziamenti per aver portato a termine, insieme a noi, questo progetto che ci ha tormentato, dove tutti ci abbiamo messo <\/span><b>energie e cuore<\/b><span style=\"font-weight: 400;\">, dove senza la vostra collaborazione nulla sarebbe potuto accadere.<\/span><\/p>\n<p><span style=\"font-weight: 400;\">Abbiamo avuto la conferma pi\u00f9 importante ovvero che, quando si lavora insieme in un\u2019azienda, bisogna dare molta importanza alla coordinazione tra le persone del team. Fare squadra a lavoro crea le <\/span><b>basi solide per il successo<\/b><span style=\"font-weight: 400;\"> di ogni azienda.<\/span><\/p>\n<p><span style=\"font-weight: 400;\">Coesione, motivazione e piacere nel <strong>lavorare insieme<\/strong> ci danno un senso di importanza nel fare parte di un disegno pi\u00f9 ampio. Grazie al lavoro coordinato e monitorato di un team \u00e8 possibile raggiungere risultati decisamente pi\u00f9 alti di quelli che singolarmente si potrebbero raggiungere.<\/span><\/p>\n<p><span style=\"font-weight: 400;\">Abbiamo la conferma che ogni giorno non dovremmo chiederci cosa quella persona deve o pu\u00f2 fare per l&#8217;azienda, ma cosa l&#8217;azienda possa davvero fare per aiutare ogni collaboratore o dipendente a raggiungere i propri <strong>obiettivi personali e professionali<\/strong>.<\/span><\/p>\n<p><span style=\"font-weight: 400;\">Crediamo che il lavoro \u00e8 una fetta importante della vita di ognuno di noi, ed in quanto tale, dovrebbe permetterci di realizzare le nostre pi\u00f9 <\/span><b>alte ambizioni<\/b><span style=\"font-weight: 400;\">: ogni persona vive e lavora inseguendo una propria stella polare, un proprio sogno di felicit\u00e0 o autorealizzazione.<\/span><\/p>\n<p><span style=\"font-weight: 400;\">Il segreto, dunque, \u00e8 riuscire a collegare le stelle polari di ognuna di queste persone, per creare una grande costellazione di persone, che condividono gli stessi <strong>valori personali e professionali<\/strong>, in una pi\u00f9 grande ed inclusiva vision aziendale.<\/span><\/p>\n<p><img decoding=\"async\" src=\"http:\/\/ticialbum.com\/blog\/wp-content\/uploads\/2022\/12\/workshop-fotografia.jpg\" alt=\"\" width=\"1280\" height=\"962\" class=\"aligncenter wp-image-1035 size-full\" srcset=\"https:\/\/www.ticialbum.com\/blog\/wp-content\/uploads\/2022\/12\/workshop-fotografia.jpg 1280w, https:\/\/www.ticialbum.com\/blog\/wp-content\/uploads\/2022\/12\/workshop-fotografia-600x451.jpg 600w, https:\/\/www.ticialbum.com\/blog\/wp-content\/uploads\/2022\/12\/workshop-fotografia-300x225.jpg 300w, https:\/\/www.ticialbum.com\/blog\/wp-content\/uploads\/2022\/12\/workshop-fotografia-1024x770.jpg 1024w, https:\/\/www.ticialbum.com\/blog\/wp-content\/uploads\/2022\/12\/workshop-fotografia-768x577.jpg 768w\" sizes=\"(max-width: 1280px) 100vw, 1280px\" \/><\/p>\n<p><span style=\"font-weight: 400;\">Ringraziamo tutta la macchina organizzativa di<\/span><a href=\"http:\/\/ticialbum.com\/\"> <span style=\"font-weight: 400;\">TICI Album<\/span><\/a><span style=\"font-weight: 400;\">. Crediamo fortemente che i traguardi raggiunti non siano mai del singolo ma un risultato corale, fatto di organizzazione, collaborazione, costanza, tenacia tanto forte da trasformare il \u201cgruppo\u201d in una \u201csquadra\u201d dal <\/span><b>sapore di famiglia<\/b><span style=\"font-weight: 400;\">.<\/span><\/p>\n<p><span style=\"font-weight: 400;\">Una macchina organizzativa importante che ha saputo farsi carico delle diverse esigenze con grande professionalit\u00e0 ed entusiasmo.<\/span><\/p>\n<p><b>Grazie a tutti i Master<\/b><span style=\"font-weight: 400;\"> per il contributo professionale e umano, persone che con dedizione e passione per il proprio lavoro, ogni giorno hanno supportato il nostro progetto.<\/span><\/p>\n<p><span style=\"font-weight: 400;\">Ringraziamo tutte le persone venute <\/span><b>da ogni parte d&#8217;Italia<\/b><span style=\"font-weight: 400;\"> che hanno avuto fiducia in noi, confermando che nella vita non si dovrebbe mai smettere di imparare e collaborare.<\/span><\/p>\n<p><b>Grazie ai nostri Cooperations<\/b><\/p>\n<p><a href=\"https:\/\/www.facebook.com\/profile.php?id=100069313763875&amp;__cft__[0]=AZWO7SGCk4KP5ddIQA1R9IlCTyN221aiKkPfIl0o7zzC46Z8anxzOzNTJ1GkyVg9ZIPh5cgQK2n8QRNLhR8-59_57Qoo36VLvEH5sOVB8WBRzSS4yUDKPw9sL8Dy7RXCIjrdPKCIOjgYbiNbxX3jwExWoLRGEbshxVTrZJ8Jc9FX_tnZZ02Pmtmtg8AgT1bK_yQ&amp;__tn__=-]K-R\" target=\"_blank\" rel=\"noopener\"><span style=\"font-weight: 400;\">Ien Industrie<\/span><\/a><span style=\"font-weight: 400;\"> |<\/span><a href=\"https:\/\/www.facebook.com\/unikoalbumfineart\/?__cft__[0]=AZWO7SGCk4KP5ddIQA1R9IlCTyN221aiKkPfIl0o7zzC46Z8anxzOzNTJ1GkyVg9ZIPh5cgQK2n8QRNLhR8-59_57Qoo36VLvEH5sOVB8WBRzSS4yUDKPw9sL8Dy7RXCIjrdPKCIOjgYbiNbxX3jwExWoLRGEbshxVTrZJ8Jc9FX_tnZZ02Pmtmtg8AgT1bK_yQ&amp;__tn__=kK-R\" target=\"_blank\" rel=\"noopener\"> <span style=\"font-weight: 400;\">Uniko Album<\/span><\/a><span style=\"font-weight: 400;\"> |<\/span><a href=\"https:\/\/www.facebook.com\/profile.php?id=100063740795831&amp;__cft__[0]=AZWO7SGCk4KP5ddIQA1R9IlCTyN221aiKkPfIl0o7zzC46Z8anxzOzNTJ1GkyVg9ZIPh5cgQK2n8QRNLhR8-59_57Qoo36VLvEH5sOVB8WBRzSS4yUDKPw9sL8Dy7RXCIjrdPKCIOjgYbiNbxX3jwExWoLRGEbshxVTrZJ8Jc9FX_tnZZ02Pmtmtg8AgT1bK_yQ&amp;__tn__=-]K-R\" target=\"_blank\" rel=\"noopener\"> <span style=\"font-weight: 400;\">Cartaria del Levante<\/span><\/a><span style=\"font-weight: 400;\"> |<\/span><a href=\"https:\/\/www.facebook.com\/fowaspa?__cft__[0]=AZWO7SGCk4KP5ddIQA1R9IlCTyN221aiKkPfIl0o7zzC46Z8anxzOzNTJ1GkyVg9ZIPh5cgQK2n8QRNLhR8-59_57Qoo36VLvEH5sOVB8WBRzSS4yUDKPw9sL8Dy7RXCIjrdPKCIOjgYbiNbxX3jwExWoLRGEbshxVTrZJ8Jc9FX_tnZZ02Pmtmtg8AgT1bK_yQ&amp;__tn__=-]K-R\" target=\"_blank\" rel=\"noopener\"> <span style=\"font-weight: 400;\">Fowa SpA<\/span><\/a><span style=\"font-weight: 400;\"> |<\/span><a href=\"https:\/\/www.facebook.com\/ceppaglia.tullio?__cft__[0]=AZWO7SGCk4KP5ddIQA1R9IlCTyN221aiKkPfIl0o7zzC46Z8anxzOzNTJ1GkyVg9ZIPh5cgQK2n8QRNLhR8-59_57Qoo36VLvEH5sOVB8WBRzSS4yUDKPw9sL8Dy7RXCIjrdPKCIOjgYbiNbxX3jwExWoLRGEbshxVTrZJ8Jc9FX_tnZZ02Pmtmtg8AgT1bK_yQ&amp;__tn__=-]K-R\" target=\"_blank\" rel=\"noopener\"> <span style=\"font-weight: 400;\">Tullio Ceppaglia<\/span><\/a><span style=\"font-weight: 400;\"> |<\/span><a href=\"https:\/\/www.facebook.com\/EdistikSrl\/?__cft__[0]=AZWO7SGCk4KP5ddIQA1R9IlCTyN221aiKkPfIl0o7zzC46Z8anxzOzNTJ1GkyVg9ZIPh5cgQK2n8QRNLhR8-59_57Qoo36VLvEH5sOVB8WBRzSS4yUDKPw9sL8Dy7RXCIjrdPKCIOjgYbiNbxX3jwExWoLRGEbshxVTrZJ8Jc9FX_tnZZ02Pmtmtg8AgT1bK_yQ&amp;__tn__=kK-R\" target=\"_blank\" rel=\"noopener\"> <span style=\"font-weight: 400;\">Edistik <\/span><\/a><span style=\"font-weight: 400;\">|<\/span><a href=\"https:\/\/www.facebook.com\/hashtag\/rawlab?__eep__=6&amp;__cft__[0]=AZWO7SGCk4KP5ddIQA1R9IlCTyN221aiKkPfIl0o7zzC46Z8anxzOzNTJ1GkyVg9ZIPh5cgQK2n8QRNLhR8-59_57Qoo36VLvEH5sOVB8WBRzSS4yUDKPw9sL8Dy7RXCIjrdPKCIOjgYbiNbxX3jwExWoLRGEbshxVTrZJ8Jc9FX_tnZZ02Pmtmtg8AgT1bK_yQ&amp;__tn__=*NK-R\" target=\"_blank\" rel=\"noopener\"> <span style=\"font-weight: 400;\">RawLab<\/span><\/a><\/p>\n<p><span style=\"font-weight: 400;\">Il Team \u00e8 la nostra pi\u00f9 grande forza, insieme per una nuova salita.<\/span><span style=\"font-weight: 400;\"><br \/>\n<\/span><span style=\"font-weight: 400;\">Grazie a tutti! \ud83d\udc9a<\/span><\/p>\n<p><span style=\"font-weight: 400;\">Ora non resta altro che <\/span><b>goderci insieme alcuni scatti <\/b><span style=\"font-weight: 400;\">di questa esperienza indimenticabile:<\/span><\/p>\n<p>ngg_shortcode_0_placeholder<b>PS<\/b><span style=\"font-weight: 400;\">: Non finisce qui, continuate a seguirci!<\/span><\/p>\n","protected":false},"excerpt":{"rendered":"<p>\u201cSe vuoi andare veloce, vai da solo. Se vuoi andare lontano, vai insieme.\u201d Le relazioni personali significano molto per noi: esse rappresentano le solide fondamenta di una relazione commerciale di successo e duratura, perch\u00e9 anche le migliori tecnologie sono inutili senza il supporto di un Team che vi permetta di ricavarne il massimo. Ci consideriamo un prezioso mosaico che continua ad arricchirsi ad ogni nuova persona che si unisce alla nostra azienda.&nbsp; Questo \u00e8 il punto di partenza della nostra &#8220;felicit\u00e0&#8221; in TICI Album. Una felicit\u00e0 che viene dal rispetto, dal lavoro di squadra, dalla motivazione, dalle competenze reciprocamente riconosciute e da tanti caff\u00e8 bevuti insieme giorno dopo giorno. Questa volta il caff\u00e8 \u00e8 stato \u201cpi\u00f9 lungo\u201d, durato 7 giorni su una nave da crociera. La terza edizione di TICI On the Sea \u00e8 stata un grande successo per tutti noi. Questo viaggio, questo calore, rappresentano la bellezza della buona squadra fatta di partecipazione, contenuti e voglia di far bene. La squadra fatta di seriet\u00e0 e arricchita dall\u2019integrit\u00e0 di un legame che \u00e8 iniziato per caso e si \u00e8 consolidato e arricchito per scelta. Non ci sono parole talmente forti per esprimere ci\u00f2 abbiamo vissuto insieme. Vorremmo partire con i ringraziamenti per aver portato a termine, insieme a noi, questo progetto che ci ha tormentato, dove tutti ci abbiamo messo energie e cuore, dove senza la vostra collaborazione nulla sarebbe potuto accadere. Abbiamo avuto la conferma pi\u00f9 importante ovvero che, quando si lavora insieme in un\u2019azienda, bisogna dare molta importanza alla coordinazione tra le persone del team. Fare squadra a lavoro crea le basi solide per il successo di ogni azienda. Coesione, motivazione e piacere nel lavorare insieme ci danno un senso di importanza nel fare parte di un disegno pi\u00f9 ampio. Grazie al lavoro coordinato e monitorato di un team \u00e8 possibile raggiungere risultati decisamente pi\u00f9 alti di quelli che singolarmente si potrebbero raggiungere. Abbiamo la conferma che ogni giorno non dovremmo chiederci cosa quella persona deve o pu\u00f2 fare per l&#8217;azienda, ma cosa l&#8217;azienda possa davvero fare per aiutare ogni collaboratore o dipendente a raggiungere i propri obiettivi personali e professionali. Crediamo che il lavoro \u00e8 una fetta importante della vita di ognuno di noi, ed in quanto tale, dovrebbe permetterci di realizzare le nostre pi\u00f9 alte ambizioni: ogni persona vive e lavora inseguendo una propria stella polare, un proprio sogno di felicit\u00e0 o autorealizzazione. Il segreto, dunque, \u00e8 riuscire a collegare le stelle polari di ognuna di queste persone, per creare una grande costellazione di persone, che condividono gli stessi valori personali e professionali, in una pi\u00f9 grande ed inclusiva vision aziendale. Ringraziamo tutta la macchina organizzativa di TICI Album. Crediamo fortemente che i traguardi raggiunti non siano mai del singolo ma un risultato corale, fatto di organizzazione, collaborazione, costanza, tenacia tanto forte da trasformare il \u201cgruppo\u201d in una \u201csquadra\u201d dal sapore di famiglia. Una macchina organizzativa importante che ha saputo farsi carico delle diverse esigenze con grande professionalit\u00e0 ed entusiasmo. Grazie a tutti i Master per il contributo professionale e umano, persone che con dedizione e passione per il proprio lavoro, ogni giorno hanno supportato il nostro progetto. Ringraziamo tutte le persone venute da ogni parte d&#8217;Italia che hanno avuto fiducia in noi, confermando che nella vita non si dovrebbe mai smettere di imparare e collaborare. Grazie ai nostri Cooperations Ien Industrie | Uniko Album | Cartaria del Levante | Fowa SpA | Tullio Ceppaglia | Edistik | RawLab Il Team \u00e8 la nostra pi\u00f9 grande forza, insieme per una nuova salita. Grazie a tutti! \ud83d\udc9a Ora non resta altro che goderci insieme alcuni scatti di questa esperienza indimenticabile: PS: Non finisce qui, continuate a seguirci!<\/p>\n","protected":false},"author":1,"featured_media":1022,"comment_status":"open","ping_status":"open","sticky":false,"template":"","format":"standard","meta":{"ngg_post_thumbnail":0,"footnotes":""},"categories":[1],"tags":[],"class_list":["post-995","post","type-post","status-publish","format-standard","has-post-thumbnail","hentry","category-news"],"yoast_head":"<!-- This site is optimized with the Yoast SEO plugin v26.9 - https:\/\/yoast.com\/product\/yoast-seo-wordpress\/ -->\n<title>Crociera per Fotografi: termina la 3\u00b0 edizione TICI On the Sea<\/title>\n<meta name=\"description\" content=\"Si \u00e8 conclusa la 3\u00b0 edizione della crociera per fotografi TICI Sviluppo On the Sea. In queste righe vi rivolgiamo un ringraziamento speciale!\" \/>\n<meta name=\"robots\" content=\"index, follow, max-snippet:-1, max-image-preview:large, max-video-preview:-1\" \/>\n<link rel=\"canonical\" href=\"https:\/\/www.ticialbum.com\/blog\/crociera-fotografi\/\" \/>\n<meta property=\"og:locale\" content=\"it_IT\" \/>\n<meta property=\"og:type\" content=\"article\" \/>\n<meta property=\"og:title\" content=\"Crociera per Fotografi: termina la 3\u00b0 edizione TICI On the Sea\" \/>\n<meta property=\"og:description\" content=\"Si \u00e8 conclusa la 3\u00b0 edizione della crociera per fotografi TICI Sviluppo On the Sea. In queste righe vi rivolgiamo un ringraziamento speciale!\" \/>\n<meta property=\"og:url\" content=\"https:\/\/www.ticialbum.com\/blog\/crociera-fotografi\/\" \/>\n<meta property=\"og:site_name\" content=\"Blog TICI Album\" \/>\n<meta property=\"article:publisher\" content=\"https:\/\/it-it.facebook.com\/ticialbum\/\" \/>\n<meta property=\"article:published_time\" content=\"2022-12-21T09:25:09+00:00\" \/>\n<meta property=\"og:image\" content=\"https:\/\/www.ticialbum.com\/blog\/wp-content\/uploads\/2022\/12\/crociera-fotografi-ticialbum.jpg\" \/>\n\t<meta property=\"og:image:width\" content=\"2048\" \/>\n\t<meta property=\"og:image:height\" content=\"1363\" \/>\n\t<meta property=\"og:image:type\" content=\"image\/jpeg\" \/>\n<meta name=\"author\" content=\"admin\" \/>\n<meta name=\"twitter:card\" content=\"summary_large_image\" \/>\n<meta name=\"twitter:label1\" content=\"Scritto da\" \/>\n\t<meta name=\"twitter:data1\" content=\"admin\" \/>\n\t<meta name=\"twitter:label2\" content=\"Tempo di lettura stimato\" \/>\n\t<meta name=\"twitter:data2\" content=\"4 minuti\" \/>\n<script type=\"application\/ld+json\" class=\"yoast-schema-graph\">{\"@context\":\"https:\/\/schema.org\",\"@graph\":[{\"@type\":\"Article\",\"@id\":\"https:\/\/www.ticialbum.com\/blog\/crociera-fotografi\/#article\",\"isPartOf\":{\"@id\":\"https:\/\/www.ticialbum.com\/blog\/crociera-fotografi\/\"},\"author\":{\"name\":\"admin\",\"@id\":\"https:\/\/www.ticialbum.com\/blog\/#\/schema\/person\/1a4c28188b911106611bb0ca1be30ebf\"},\"headline\":\"TICI Sviluppo On the Sea: un Ringraziamento Speciale\",\"datePublished\":\"2022-12-21T09:25:09+00:00\",\"mainEntityOfPage\":{\"@id\":\"https:\/\/www.ticialbum.com\/blog\/crociera-fotografi\/\"},\"wordCount\":617,\"commentCount\":0,\"publisher\":{\"@id\":\"https:\/\/www.ticialbum.com\/blog\/#organization\"},\"image\":{\"@id\":\"https:\/\/www.ticialbum.com\/blog\/crociera-fotografi\/#primaryimage\"},\"thumbnailUrl\":\"https:\/\/www.ticialbum.com\/blog\/wp-content\/uploads\/2022\/12\/crociera-fotografi-ticialbum.jpg\",\"articleSection\":[\"News\"],\"inLanguage\":\"it-IT\",\"potentialAction\":[{\"@type\":\"CommentAction\",\"name\":\"Comment\",\"target\":[\"https:\/\/www.ticialbum.com\/blog\/crociera-fotografi\/#respond\"]}]},{\"@type\":\"WebPage\",\"@id\":\"https:\/\/www.ticialbum.com\/blog\/crociera-fotografi\/\",\"url\":\"https:\/\/www.ticialbum.com\/blog\/crociera-fotografi\/\",\"name\":\"Crociera per Fotografi: termina la 3\u00b0 edizione TICI On the Sea\",\"isPartOf\":{\"@id\":\"https:\/\/www.ticialbum.com\/blog\/#website\"},\"primaryImageOfPage\":{\"@id\":\"https:\/\/www.ticialbum.com\/blog\/crociera-fotografi\/#primaryimage\"},\"image\":{\"@id\":\"https:\/\/www.ticialbum.com\/blog\/crociera-fotografi\/#primaryimage\"},\"thumbnailUrl\":\"https:\/\/www.ticialbum.com\/blog\/wp-content\/uploads\/2022\/12\/crociera-fotografi-ticialbum.jpg\",\"datePublished\":\"2022-12-21T09:25:09+00:00\",\"description\":\"Si \u00e8 conclusa la 3\u00b0 edizione della crociera per fotografi TICI Sviluppo On the Sea. In queste righe vi rivolgiamo un ringraziamento speciale!\",\"breadcrumb\":{\"@id\":\"https:\/\/www.ticialbum.com\/blog\/crociera-fotografi\/#breadcrumb\"},\"inLanguage\":\"it-IT\",\"potentialAction\":[{\"@type\":\"ReadAction\",\"target\":[\"https:\/\/www.ticialbum.com\/blog\/crociera-fotografi\/\"]}]},{\"@type\":\"ImageObject\",\"inLanguage\":\"it-IT\",\"@id\":\"https:\/\/www.ticialbum.com\/blog\/crociera-fotografi\/#primaryimage\",\"url\":\"https:\/\/www.ticialbum.com\/blog\/wp-content\/uploads\/2022\/12\/crociera-fotografi-ticialbum.jpg\",\"contentUrl\":\"https:\/\/www.ticialbum.com\/blog\/wp-content\/uploads\/2022\/12\/crociera-fotografi-ticialbum.jpg\",\"width\":2048,\"height\":1363},{\"@type\":\"BreadcrumbList\",\"@id\":\"https:\/\/www.ticialbum.com\/blog\/crociera-fotografi\/#breadcrumb\",\"itemListElement\":[{\"@type\":\"ListItem\",\"position\":1,\"name\":\"Home\",\"item\":\"https:\/\/www.ticialbum.com\/blog\/\"},{\"@type\":\"ListItem\",\"position\":2,\"name\":\"TICI Sviluppo On the Sea: un Ringraziamento Speciale\"}]},{\"@type\":\"WebSite\",\"@id\":\"https:\/\/www.ticialbum.com\/blog\/#website\",\"url\":\"https:\/\/www.ticialbum.com\/blog\/\",\"name\":\"Blog TICI Album\",\"description\":\"Blog per professionisti della Fotografia\",\"publisher\":{\"@id\":\"https:\/\/www.ticialbum.com\/blog\/#organization\"},\"potentialAction\":[{\"@type\":\"SearchAction\",\"target\":{\"@type\":\"EntryPoint\",\"urlTemplate\":\"https:\/\/www.ticialbum.com\/blog\/?s={search_term_string}\"},\"query-input\":{\"@type\":\"PropertyValueSpecification\",\"valueRequired\":true,\"valueName\":\"search_term_string\"}}],\"inLanguage\":\"it-IT\"},{\"@type\":\"Organization\",\"@id\":\"https:\/\/www.ticialbum.com\/blog\/#organization\",\"name\":\"Blog TICI Album\",\"url\":\"https:\/\/www.ticialbum.com\/blog\/\",\"logo\":{\"@type\":\"ImageObject\",\"inLanguage\":\"it-IT\",\"@id\":\"https:\/\/www.ticialbum.com\/blog\/#\/schema\/logo\/image\/\",\"url\":\"https:\/\/www.ticialbum.com\/blog\/wp-content\/uploads\/2021\/11\/cropped-logo.jpg\",\"contentUrl\":\"https:\/\/www.ticialbum.com\/blog\/wp-content\/uploads\/2021\/11\/cropped-logo.jpg\",\"width\":144,\"height\":80,\"caption\":\"Blog TICI Album\"},\"image\":{\"@id\":\"https:\/\/www.ticialbum.com\/blog\/#\/schema\/logo\/image\/\"},\"sameAs\":[\"https:\/\/it-it.facebook.com\/ticialbum\/\"]},{\"@type\":\"Person\",\"@id\":\"https:\/\/www.ticialbum.com\/blog\/#\/schema\/person\/1a4c28188b911106611bb0ca1be30ebf\",\"name\":\"admin\",\"sameAs\":[\"http:\/\/ticialbum.com\/blog\"]}]}<\/script>\n<!-- \/ Yoast SEO plugin. -->","yoast_head_json":{"title":"Crociera per Fotografi: termina la 3\u00b0 edizione TICI On the Sea","description":"Si \u00e8 conclusa la 3\u00b0 edizione della crociera per fotografi TICI Sviluppo On the Sea. In queste righe vi rivolgiamo un ringraziamento speciale!","robots":{"index":"index","follow":"follow","max-snippet":"max-snippet:-1","max-image-preview":"max-image-preview:large","max-video-preview":"max-video-preview:-1"},"canonical":"https:\/\/www.ticialbum.com\/blog\/crociera-fotografi\/","og_locale":"it_IT","og_type":"article","og_title":"Crociera per Fotografi: termina la 3\u00b0 edizione TICI On the Sea","og_description":"Si \u00e8 conclusa la 3\u00b0 edizione della crociera per fotografi TICI Sviluppo On the Sea. In queste righe vi rivolgiamo un ringraziamento speciale!","og_url":"https:\/\/www.ticialbum.com\/blog\/crociera-fotografi\/","og_site_name":"Blog TICI Album","article_publisher":"https:\/\/it-it.facebook.com\/ticialbum\/","article_published_time":"2022-12-21T09:25:09+00:00","og_image":[{"width":2048,"height":1363,"url":"https:\/\/www.ticialbum.com\/blog\/wp-content\/uploads\/2022\/12\/crociera-fotografi-ticialbum.jpg","type":"image\/jpeg"}],"author":"admin","twitter_card":"summary_large_image","twitter_misc":{"Scritto da":"admin","Tempo di lettura stimato":"4 minuti"},"schema":{"@context":"https:\/\/schema.org","@graph":[{"@type":"Article","@id":"https:\/\/www.ticialbum.com\/blog\/crociera-fotografi\/#article","isPartOf":{"@id":"https:\/\/www.ticialbum.com\/blog\/crociera-fotografi\/"},"author":{"name":"admin","@id":"https:\/\/www.ticialbum.com\/blog\/#\/schema\/person\/1a4c28188b911106611bb0ca1be30ebf"},"headline":"TICI Sviluppo On the Sea: un Ringraziamento Speciale","datePublished":"2022-12-21T09:25:09+00:00","mainEntityOfPage":{"@id":"https:\/\/www.ticialbum.com\/blog\/crociera-fotografi\/"},"wordCount":617,"commentCount":0,"publisher":{"@id":"https:\/\/www.ticialbum.com\/blog\/#organization"},"image":{"@id":"https:\/\/www.ticialbum.com\/blog\/crociera-fotografi\/#primaryimage"},"thumbnailUrl":"https:\/\/www.ticialbum.com\/blog\/wp-content\/uploads\/2022\/12\/crociera-fotografi-ticialbum.jpg","articleSection":["News"],"inLanguage":"it-IT","potentialAction":[{"@type":"CommentAction","name":"Comment","target":["https:\/\/www.ticialbum.com\/blog\/crociera-fotografi\/#respond"]}]},{"@type":"WebPage","@id":"https:\/\/www.ticialbum.com\/blog\/crociera-fotografi\/","url":"https:\/\/www.ticialbum.com\/blog\/crociera-fotografi\/","name":"Crociera per Fotografi: termina la 3\u00b0 edizione TICI On the Sea","isPartOf":{"@id":"https:\/\/www.ticialbum.com\/blog\/#website"},"primaryImageOfPage":{"@id":"https:\/\/www.ticialbum.com\/blog\/crociera-fotografi\/#primaryimage"},"image":{"@id":"https:\/\/www.ticialbum.com\/blog\/crociera-fotografi\/#primaryimage"},"thumbnailUrl":"https:\/\/www.ticialbum.com\/blog\/wp-content\/uploads\/2022\/12\/crociera-fotografi-ticialbum.jpg","datePublished":"2022-12-21T09:25:09+00:00","description":"Si \u00e8 conclusa la 3\u00b0 edizione della crociera per fotografi TICI Sviluppo On the Sea. In queste righe vi rivolgiamo un ringraziamento speciale!","breadcrumb":{"@id":"https:\/\/www.ticialbum.com\/blog\/crociera-fotografi\/#breadcrumb"},"inLanguage":"it-IT","potentialAction":[{"@type":"ReadAction","target":["https:\/\/www.ticialbum.com\/blog\/crociera-fotografi\/"]}]},{"@type":"ImageObject","inLanguage":"it-IT","@id":"https:\/\/www.ticialbum.com\/blog\/crociera-fotografi\/#primaryimage","url":"https:\/\/www.ticialbum.com\/blog\/wp-content\/uploads\/2022\/12\/crociera-fotografi-ticialbum.jpg","contentUrl":"https:\/\/www.ticialbum.com\/blog\/wp-content\/uploads\/2022\/12\/crociera-fotografi-ticialbum.jpg","width":2048,"height":1363},{"@type":"BreadcrumbList","@id":"https:\/\/www.ticialbum.com\/blog\/crociera-fotografi\/#breadcrumb","itemListElement":[{"@type":"ListItem","position":1,"name":"Home","item":"https:\/\/www.ticialbum.com\/blog\/"},{"@type":"ListItem","position":2,"name":"TICI Sviluppo On the Sea: un Ringraziamento Speciale"}]},{"@type":"WebSite","@id":"https:\/\/www.ticialbum.com\/blog\/#website","url":"https:\/\/www.ticialbum.com\/blog\/","name":"Blog TICI Album","description":"Blog per professionisti della Fotografia","publisher":{"@id":"https:\/\/www.ticialbum.com\/blog\/#organization"},"potentialAction":[{"@type":"SearchAction","target":{"@type":"EntryPoint","urlTemplate":"https:\/\/www.ticialbum.com\/blog\/?s={search_term_string}"},"query-input":{"@type":"PropertyValueSpecification","valueRequired":true,"valueName":"search_term_string"}}],"inLanguage":"it-IT"},{"@type":"Organization","@id":"https:\/\/www.ticialbum.com\/blog\/#organization","name":"Blog TICI Album","url":"https:\/\/www.ticialbum.com\/blog\/","logo":{"@type":"ImageObject","inLanguage":"it-IT","@id":"https:\/\/www.ticialbum.com\/blog\/#\/schema\/logo\/image\/","url":"https:\/\/www.ticialbum.com\/blog\/wp-content\/uploads\/2021\/11\/cropped-logo.jpg","contentUrl":"https:\/\/www.ticialbum.com\/blog\/wp-content\/uploads\/2021\/11\/cropped-logo.jpg","width":144,"height":80,"caption":"Blog TICI Album"},"image":{"@id":"https:\/\/www.ticialbum.com\/blog\/#\/schema\/logo\/image\/"},"sameAs":["https:\/\/it-it.facebook.com\/ticialbum\/"]},{"@type":"Person","@id":"https:\/\/www.ticialbum.com\/blog\/#\/schema\/person\/1a4c28188b911106611bb0ca1be30ebf","name":"admin","sameAs":["http:\/\/ticialbum.com\/blog"]}]}},"_links":{"self":[{"href":"https:\/\/www.ticialbum.com\/blog\/wp-json\/wp\/v2\/posts\/995","targetHints":{"allow":["GET"]}}],"collection":[{"href":"https:\/\/www.ticialbum.com\/blog\/wp-json\/wp\/v2\/posts"}],"about":[{"href":"https:\/\/www.ticialbum.com\/blog\/wp-json\/wp\/v2\/types\/post"}],"author":[{"embeddable":true,"href":"https:\/\/www.ticialbum.com\/blog\/wp-json\/wp\/v2\/users\/1"}],"replies":[{"embeddable":true,"href":"https:\/\/www.ticialbum.com\/blog\/wp-json\/wp\/v2\/comments?post=995"}],"version-history":[{"count":26,"href":"https:\/\/www.ticialbum.com\/blog\/wp-json\/wp\/v2\/posts\/995\/revisions"}],"predecessor-version":[{"id":1044,"href":"https:\/\/www.ticialbum.com\/blog\/wp-json\/wp\/v2\/posts\/995\/revisions\/1044"}],"wp:featuredmedia":[{"embeddable":true,"href":"https:\/\/www.ticialbum.com\/blog\/wp-json\/wp\/v2\/media\/1022"}],"wp:attachment":[{"href":"https:\/\/www.ticialbum.com\/blog\/wp-json\/wp\/v2\/media?parent=995"}],"wp:term":[{"taxonomy":"category","embeddable":true,"href":"https:\/\/www.ticialbum.com\/blog\/wp-json\/wp\/v2\/categories?post=995"},{"taxonomy":"post_tag","embeddable":true,"href":"https:\/\/www.ticialbum.com\/blog\/wp-json\/wp\/v2\/tags?post=995"}],"curies":[{"name":"wp","href":"https:\/\/api.w.org\/{rel}","templated":true}]}}